{"id":611,"date":"2022-07-13T11:30:49","date_gmt":"2022-07-13T14:30:49","guid":{"rendered":"https:\/\/cervejeirosriopreto.com.br\/portal\/?p=611"},"modified":"2022-07-13T13:54:40","modified_gmt":"2022-07-13T16:54:40","slug":"dia-do-rock-5-bandas-brasileiras-apaixonadas-por-cerveja","status":"publish","type":"post","link":"https:\/\/cervejeirosriopreto.com.br\/portal\/index.php\/2022\/07\/13\/dia-do-rock-5-bandas-brasileiras-apaixonadas-por-cerveja\/","title":{"rendered":"Dia do Rock: 5 bandas brasileiras apaixonadas por cerveja"},"content":{"rendered":"\n<p>Onde tem um festival de rock, tem cerveja para celebrar, e onde tem cervejeiros reunidos, o som ambiente \u00e9 sempre ele, o bom e velho rock and roll. \u00c9 assim mesmo, roqueiro que se preze gosta, sim, de uma boa cerveja, e \u00e9 por isso que n\u00e3o poder\u00edamos deixar passar em branco essa data t\u00e3o especial: o Dia Mundial do Rock! E as outras bebidas que lutem\u2026<\/p>\n\n\n\n<p>A data \u00e9 sempre celebrada com muito entusiasmo pelos brasileiros (l\u00e1 no fim do texto a gente explica o porqu\u00ea) e mesmo que outras bebidas ganhem os copos de um ou outro rock star, \u00e9 a cerveja que est\u00e1 sempre refrescando a garganta e os cora\u00e7\u00f5es apaixonados pelo g\u00eanero musical. E para marcar essa data a gente fez uma lista de roqueiros brasileiros que s\u00e3o apaixonados por cerveja. De quebra, ainda te brindamos com uma bela playlist para aproveitar este 13 de julho. Let\u2019s play \u2013 and drink!<\/p>\n\n\n\n<h2 class=\"wp-block-heading\"><br>SEPULTURA<\/h2>\n\n\n\n<p>A banda de heavy metal mais ic\u00f4nica da cena nacional \u00e9 tamb\u00e9m f\u00e3 incondicional da mistura de cevada, malte, \u00e1gua e l\u00fapulo. Tanto que o grupo criado pelos irm\u00e3os Cavalera at\u00e9 j\u00e1 teve a sua pr\u00f3pria cerveja, feita de trigo, como pede o estilo Weizen. E para abrir a playlist, nossa sugest\u00e3o \u00e9 \u201cTerritory\u201d, para curtir com uma Opa Bier Weizen geladinha!<\/p>\n\n\n\n<figure class=\"wp-block-embed is-type-rich is-provider-incorporar-manipulador wp-block-embed-incorporar-manipulador wp-embed-aspect-4-3 wp-has-aspect-ratio\"><div class=\"wp-block-embed__wrapper\">\n<iframe loading=\"lazy\" title=\"Sepultura - Territory [OFFICIAL VIDEO]\" width=\"500\" height=\"375\" src=\"https:\/\/www.youtube.com\/embed\/Q_WHGV5bejk?feature=oembed\" frameborder=\"0\" allow=\"accelerometer; autoplay; clipboard-write; encrypted-media; gyroscope; picture-in-picture; web-share\" referrerpolicy=\"strict-origin-when-cross-origin\" allowfullscreen><\/iframe>\n<\/div><\/figure>\n\n\n\n<h2 class=\"wp-block-heading\">RAIMUNDOS<\/h2>\n\n\n\n<p>Os brasilienses que viraram o rock nacional de cabe\u00e7a para baixo nos anos 1990 tamb\u00e9m s\u00e3o apaixonados por cerveja. E para mostrar seu amor pela bebida eles tamb\u00e9m quiseram produzir a pr\u00f3pria cerveja. O estilo escolhido por eles, o Helles, contrasta com o peso da banda no palco, que d\u00e1 origem a uma cerveja leve e refrescante. Com um repert\u00f3rio gigante, foi dif\u00edcil escolher s\u00f3 uma dos Raimundos pra nossa playlist, mas achamos que \u201cA Mais Pedida\u201d tem tudo a ver com o Dia do Rock!<\/p>\n\n\n\n<figure class=\"wp-block-embed is-type-rich is-provider-incorporar-manipulador wp-block-embed-incorporar-manipulador wp-embed-aspect-4-3 wp-has-aspect-ratio\"><div class=\"wp-block-embed__wrapper\">\n<iframe loading=\"lazy\" title=\"Raimundos - A Mais Pedida Clipe Oficial\" width=\"500\" height=\"375\" src=\"https:\/\/www.youtube.com\/embed\/U0BBiDlaGKs?feature=oembed\" frameborder=\"0\" allow=\"accelerometer; autoplay; clipboard-write; encrypted-media; gyroscope; picture-in-picture; web-share\" referrerpolicy=\"strict-origin-when-cross-origin\" allowfullscreen><\/iframe>\n<\/div><\/figure>\n\n\n\n<h2 class=\"wp-block-heading\">NENHUM DE N\u00d3S<\/h2>\n\n\n\n<p>Quando o baterista da banda \u00e9 especialista em cervejas, nem tem mais o que dizer, certo? Engenheiro qu\u00edmico, cervejeiro caseiro e jurado de concurso de cervejas, Sady Homrich levou a paix\u00e3o pelas cervejas aos companheiros de banda. O estilo preferido do grupo \u00e9 o Pilsen que, assim como um dos maiores sucessos da banda, \u201cCamila Camila\u201d, n\u00e3o tem erro! <\/p>\n\n\n\n<figure class=\"wp-block-embed is-type-rich is-provider-incorporar-manipulador wp-block-embed-incorporar-manipulador wp-embed-aspect-16-9 wp-has-aspect-ratio\"><div class=\"wp-block-embed__wrapper\">\n<iframe loading=\"lazy\" title=\"Nenhum de N\u00f3s - Ac\u00fastico 1 + 2 = 30 (ao vivo) - 18 Camila\" width=\"500\" height=\"281\" src=\"https:\/\/www.youtube.com\/embed\/izIXvKms1Gc?feature=oembed\" frameborder=\"0\" allow=\"accelerometer; autoplay; clipboard-write; encrypted-media; gyroscope; picture-in-picture; web-share\" referrerpolicy=\"strict-origin-when-cross-origin\" allowfullscreen><\/iframe>\n<\/div><\/figure>\n\n\n\n<h2 class=\"wp-block-heading\">VELHAS VIRGENS<\/h2>\n\n\n\n<p>Pol\u00eamicos e bem-humorados, os (as?) Velhas Virgens s\u00e3o, claro, fan\u00e1ticos por cerveja. O baixista Tuca Paiva \u00e9 cervejeiro caseiro e criou uma IPA que comemorou os 25 anos da banda, inspirado nas cervejas inglesas que fazem parte do estilo. \u201cV\u00edcios e pecados\u201d \u00e9 a tem o peso de um bom cl\u00e1ssico do rock!<\/p>\n\n\n\n<figure class=\"wp-block-embed is-type-rich is-provider-incorporar-manipulador wp-block-embed-incorporar-manipulador wp-embed-aspect-16-9 wp-has-aspect-ratio\"><div class=\"wp-block-embed__wrapper\">\n<iframe loading=\"lazy\" title=\"Velhas Virgens - V\u00edcios &amp; Pecados [Clipe Oficial]\" width=\"500\" height=\"281\" src=\"https:\/\/www.youtube.com\/embed\/GegbRY9NkGI?feature=oembed\" frameborder=\"0\" allow=\"accelerometer; autoplay; clipboard-write; encrypted-media; gyroscope; picture-in-picture; web-share\" referrerpolicy=\"strict-origin-when-cross-origin\" allowfullscreen><\/iframe>\n<\/div><\/figure>\n\n\n\n<h2 class=\"wp-block-heading\">TIT\u00c3S<\/h2>\n\n\n\n<p>Uma das principais representantes do BRock \u2013 como foi chamado o movimento do rock brasileiro nos anos 1980 \u2013 a banda Tit\u00e3s tamb\u00e9m fez uma cerveja para chamar de sua. Uma edi\u00e7\u00e3o limitada do estilo English Brown Ale comemorou os 30 anos de carreira do grupo, em 2013. O registro dessa presen\u00e7a ilustre na nossa playlist fica por conta da profunda \u201cOs Cegos do Castelo\u201d, com a bel\u00edssima interpreta\u00e7\u00e3o de Nando Reis. P<\/p>\n\n\n\n<figure class=\"wp-block-embed is-type-video is-provider-youtube wp-block-embed-youtube wp-embed-aspect-4-3 wp-has-aspect-ratio\"><div class=\"wp-block-embed__wrapper\">\n<iframe loading=\"lazy\" title=\"Tit\u00e3s - Cegos Do Castelo (DVD Volume 2 Ao Vivo)\" width=\"500\" height=\"375\" src=\"https:\/\/www.youtube.com\/embed\/TvjANrUQBxU?feature=oembed\" frameborder=\"0\" allow=\"accelerometer; autoplay; clipboard-write; encrypted-media; gyroscope; picture-in-picture; web-share\" referrerpolicy=\"strict-origin-when-cross-origin\" allowfullscreen><\/iframe>\n<\/div><\/figure>\n\n\n\n<p><\/p>\n\n\n\n<h2 class=\"wp-block-heading\">Curiosidade: Dia Mundial do Rock, mas s\u00f3 no Brasil!<\/h2>\n\n\n\n<p>Voc\u00ea sabia que o Dia Mundial do Rock s\u00f3 \u00e9 celebrado no dia 13 de julho \u2013 e com tanto entusiasmo \u2013 aqui no Brasil? Outros pa\u00edses at\u00e9 tem algumas datas que marcam o surgimento do g\u00eanero, mas nada como a como\u00e7\u00e3o brasileira.<\/p>\n\n\n\n<p>O que acontece \u00e9 que em 13 de julho de 1985 foi realizado o Live Aid, um concerto beneficente que tinha como objetivo arrecadar fundos para combater a fome e ajudar refugiados na Eti\u00f3pia. Organizado pelo m\u00fasico e ativista, Bob Geldof, o evento reuniu os maiores nomes do rock e do pop mundial na \u00e9poca em dois grandes shows simult\u00e2neos: um em Londres, Inglaterra, no est\u00e1dio Wembley, e um na Filad\u00e9lfia, nos Estados Unidos, no est\u00e1dio JFK. Queen, David Bowie, Rolling Stones, Tina Turner, Madonna, Bruce Springsteen, Elton John, U2 e todo mundo que era algu\u00e9m na m\u00fasica participou.<\/p>\n\n\n\n<p>Cerca de dois anos depois, duas r\u00e1dios brasileiras dedicadas ao rock\u2019n\u2019roll \u2013 a 89 FM e a 97 FM, ambas de S\u00e3o Paulo \u2013 decidiram dedicar o dia do Live Aid a uma celebra\u00e7\u00e3o espec\u00edfica do estilo. Nascia o Dia Mundial do Rock, inspirado na fala de Collins, mas totalmente brasileiro! A partir disso a celebra\u00e7\u00e3o foi crescendo e ningu\u00e9m mais passa um 13 de julho sem ouvir um cl\u00e1ssico do rock!<\/p>\n\n\n\n<p>Let\u2019s rock!<\/p>\n","protected":false},"excerpt":{"rendered":"<p>Onde tem um festival de rock, tem cerveja para celebrar, e onde tem cervejeiros reunidos, o som ambiente \u00e9 sempre ele, o bom e velho rock and roll. \u00c9 assim mesmo, roqueiro que se preze gosta, sim, de uma boa cerveja, e \u00e9 por isso que n\u00e3o poder\u00edamos deixar passar em branco essa data t\u00e3o [&hellip;]<\/p>\n","protected":false},"author":1,"featured_media":618,"comment_status":"open","ping_status":"closed","sticky":false,"template":"","format":"standard","meta":{"saved_in_kubio":false,"footnotes":""},"categories":[7],"tags":[16,40],"class_list":["post-611","post","type-post","status-publish","format-standard","has-post-thumbnail","hentry","category-curiosidades","tag-cerveja-artesanal","tag-rock"],"_links":{"self":[{"href":"https:\/\/cervejeirosriopreto.com.br\/portal\/index.php\/wp-json\/wp\/v2\/posts\/611","targetHints":{"allow":["GET"]}}],"collection":[{"href":"https:\/\/cervejeirosriopreto.com.br\/portal\/index.php\/wp-json\/wp\/v2\/posts"}],"about":[{"href":"https:\/\/cervejeirosriopreto.com.br\/portal\/index.php\/wp-json\/wp\/v2\/types\/post"}],"author":[{"embeddable":true,"href":"https:\/\/cervejeirosriopreto.com.br\/portal\/index.php\/wp-json\/wp\/v2\/users\/1"}],"replies":[{"embeddable":true,"href":"https:\/\/cervejeirosriopreto.com.br\/portal\/index.php\/wp-json\/wp\/v2\/comments?post=611"}],"version-history":[{"count":3,"href":"https:\/\/cervejeirosriopreto.com.br\/portal\/index.php\/wp-json\/wp\/v2\/posts\/611\/revisions"}],"predecessor-version":[{"id":621,"href":"https:\/\/cervejeirosriopreto.com.br\/portal\/index.php\/wp-json\/wp\/v2\/posts\/611\/revisions\/621"}],"wp:featuredmedia":[{"embeddable":true,"href":"https:\/\/cervejeirosriopreto.com.br\/portal\/index.php\/wp-json\/wp\/v2\/media\/618"}],"wp:attachment":[{"href":"https:\/\/cervejeirosriopreto.com.br\/portal\/index.php\/wp-json\/wp\/v2\/media?parent=611"}],"wp:term":[{"taxonomy":"category","embeddable":true,"href":"https:\/\/cervejeirosriopreto.com.br\/portal\/index.php\/wp-json\/wp\/v2\/categories?post=611"},{"taxonomy":"post_tag","embeddable":true,"href":"https:\/\/cervejeirosriopreto.com.br\/portal\/index.php\/wp-json\/wp\/v2\/tags?post=611"}],"curies":[{"name":"wp","href":"https:\/\/api.w.org\/{rel}","templated":true}]}}