{"id":1768,"date":"2024-10-01T11:50:00","date_gmt":"2024-10-01T14:50:00","guid":{"rendered":"https:\/\/cervejeirosriopreto.com.br\/portal\/?p=1768"},"modified":"2024-09-12T15:54:49","modified_gmt":"2024-09-12T18:54:49","slug":"historia-curiosa-como-o-pretzel-virou-simbolo-da-oktoberfest","status":"publish","type":"post","link":"https:\/\/cervejeirosriopreto.com.br\/portal\/index.php\/2024\/10\/01\/historia-curiosa-como-o-pretzel-virou-simbolo-da-oktoberfest\/","title":{"rendered":"Hist\u00f3ria Curiosa: Como o Pretzel Virou S\u00edmbolo da Oktoberfest?"},"content":{"rendered":"\n<p>O Pretzel \u00e9 aquele p\u00e3o em formato de n\u00f3 que n\u00e3o pode faltar na Oktoberfest. Mas voc\u00ea sabia que ele tem uma hist\u00f3ria interessante? Ele surgiu na Idade M\u00e9dia, quando monges criaram essa receita como um s\u00edmbolo de ora\u00e7\u00e3o \u2013 o formato do Pretzel lembra bra\u00e7os cruzados em prece. Com o tempo, virou parte da cultura b\u00e1vara, e hoje \u00e9 indispens\u00e1vel nas mesas da Oktoberfest, ao lado de uma boa cerveja. <\/p>\n\n\n\n<p>E na <strong>IV Oktoberfest Rio Preto<\/strong>, que acontece no dia <strong>05 de outubro<\/strong>, voc\u00ea vai poder se deliciar com essa iguaria! Quem diria que um p\u00e3ozinho t\u00e3o simples teria tanta hist\u00f3ria, n\u00e9?<\/p>\n","protected":false},"excerpt":{"rendered":"<p>O Pretzel \u00e9 aquele p\u00e3o em formato de n\u00f3 que n\u00e3o pode faltar na Oktoberfest. Mas voc\u00ea sabia que ele tem uma hist\u00f3ria interessante? Ele surgiu na Idade M\u00e9dia, quando monges criaram essa receita como um s\u00edmbolo de ora\u00e7\u00e3o \u2013 o formato do Pretzel lembra bra\u00e7os cruzados em prece. Com o tempo, virou parte da [&hellip;]<\/p>\n","protected":false},"author":1,"featured_media":1769,"comment_status":"open","ping_status":"closed","sticky":false,"template":"","format":"standard","meta":{"saved_in_kubio":false,"footnotes":""},"categories":[20],"tags":[51],"class_list":["post-1768","post","type-post","status-publish","format-standard","has-post-thumbnail","hentry","category-eventos","tag-oktoberfest"],"_links":{"self":[{"href":"https:\/\/cervejeirosriopreto.com.br\/portal\/index.php\/wp-json\/wp\/v2\/posts\/1768","targetHints":{"allow":["GET"]}}],"collection":[{"href":"https:\/\/cervejeirosriopreto.com.br\/portal\/index.php\/wp-json\/wp\/v2\/posts"}],"about":[{"href":"https:\/\/cervejeirosriopreto.com.br\/portal\/index.php\/wp-json\/wp\/v2\/types\/post"}],"author":[{"embeddable":true,"href":"https:\/\/cervejeirosriopreto.com.br\/portal\/index.php\/wp-json\/wp\/v2\/users\/1"}],"replies":[{"embeddable":true,"href":"https:\/\/cervejeirosriopreto.com.br\/portal\/index.php\/wp-json\/wp\/v2\/comments?post=1768"}],"version-history":[{"count":1,"href":"https:\/\/cervejeirosriopreto.com.br\/portal\/index.php\/wp-json\/wp\/v2\/posts\/1768\/revisions"}],"predecessor-version":[{"id":1771,"href":"https:\/\/cervejeirosriopreto.com.br\/portal\/index.php\/wp-json\/wp\/v2\/posts\/1768\/revisions\/1771"}],"wp:featuredmedia":[{"embeddable":true,"href":"https:\/\/cervejeirosriopreto.com.br\/portal\/index.php\/wp-json\/wp\/v2\/media\/1769"}],"wp:attachment":[{"href":"https:\/\/cervejeirosriopreto.com.br\/portal\/index.php\/wp-json\/wp\/v2\/media?parent=1768"}],"wp:term":[{"taxonomy":"category","embeddable":true,"href":"https:\/\/cervejeirosriopreto.com.br\/portal\/index.php\/wp-json\/wp\/v2\/categories?post=1768"},{"taxonomy":"post_tag","embeddable":true,"href":"https:\/\/cervejeirosriopreto.com.br\/portal\/index.php\/wp-json\/wp\/v2\/tags?post=1768"}],"curies":[{"name":"wp","href":"https:\/\/api.w.org\/{rel}","templated":true}]}}