{"id":1751,"date":"2024-09-27T12:31:00","date_gmt":"2024-09-27T15:31:00","guid":{"rendered":"https:\/\/cervejeirosriopreto.com.br\/portal\/?p=1751"},"modified":"2024-09-12T16:20:50","modified_gmt":"2024-09-12T19:20:50","slug":"oktoberfest-e-a-tradicao-do-traje-tipico-por-que-usar-lederhosen-e-dirndl","status":"publish","type":"post","link":"https:\/\/cervejeirosriopreto.com.br\/portal\/index.php\/2024\/09\/27\/oktoberfest-e-a-tradicao-do-traje-tipico-por-que-usar-lederhosen-e-dirndl\/","title":{"rendered":"Oktoberfest e a Tradi\u00e7\u00e3o do Traje T\u00edpico: Por que Usar Lederhosen e Dirndl?"},"content":{"rendered":"\n<p>Se voc\u00ea j\u00e1 viu fotos da Oktoberfest, com certeza notou os trajes tradicionais: homens de <strong>lederhosen<\/strong> (aquelas cal\u00e7as curtas de couro) e mulheres de <strong>dirndl<\/strong> (vestidos com aventais). Mas voc\u00ea sabia que esses trajes v\u00eam do s\u00e9culo 19 e eram usados pelos trabalhadores rurais da Baviera? Com o tempo, viraram o s\u00edmbolo da festa e hoje s\u00e3o um verdadeiro \u00edcone da Oktoberfest. Al\u00e9m de estiloso, vestir-se assim na festa \u00e9 quase uma regra n\u00e3o oficial! <\/p>\n\n\n\n<p>Vai participar da <strong>IV Oktoberfest Rio Preto<\/strong> no dia <strong>05 de outubro<\/strong>? Vista-se no clima e prepare-se para muita m\u00fasica t\u00edpica, comidas deliciosas e, claro, cervejas alem\u00e3s incr\u00edveis. Lederhosen e dirndl prontos?<\/p>\n","protected":false},"excerpt":{"rendered":"<p>Se voc\u00ea j\u00e1 viu fotos da Oktoberfest, com certeza notou os trajes tradicionais: homens de lederhosen (aquelas cal\u00e7as curtas de couro) e mulheres de dirndl (vestidos com aventais). Mas voc\u00ea sabia que esses trajes v\u00eam do s\u00e9culo 19 e eram usados pelos trabalhadores rurais da Baviera? Com o tempo, viraram o s\u00edmbolo da festa e [&hellip;]<\/p>\n","protected":false},"author":1,"featured_media":1752,"comment_status":"open","ping_status":"closed","sticky":false,"template":"","format":"standard","meta":{"saved_in_kubio":false,"footnotes":""},"categories":[20],"tags":[51],"class_list":["post-1751","post","type-post","status-publish","format-standard","has-post-thumbnail","hentry","category-eventos","tag-oktoberfest"],"_links":{"self":[{"href":"https:\/\/cervejeirosriopreto.com.br\/portal\/index.php\/wp-json\/wp\/v2\/posts\/1751","targetHints":{"allow":["GET"]}}],"collection":[{"href":"https:\/\/cervejeirosriopreto.com.br\/portal\/index.php\/wp-json\/wp\/v2\/posts"}],"about":[{"href":"https:\/\/cervejeirosriopreto.com.br\/portal\/index.php\/wp-json\/wp\/v2\/types\/post"}],"author":[{"embeddable":true,"href":"https:\/\/cervejeirosriopreto.com.br\/portal\/index.php\/wp-json\/wp\/v2\/users\/1"}],"replies":[{"embeddable":true,"href":"https:\/\/cervejeirosriopreto.com.br\/portal\/index.php\/wp-json\/wp\/v2\/comments?post=1751"}],"version-history":[{"count":2,"href":"https:\/\/cervejeirosriopreto.com.br\/portal\/index.php\/wp-json\/wp\/v2\/posts\/1751\/revisions"}],"predecessor-version":[{"id":1762,"href":"https:\/\/cervejeirosriopreto.com.br\/portal\/index.php\/wp-json\/wp\/v2\/posts\/1751\/revisions\/1762"}],"wp:featuredmedia":[{"embeddable":true,"href":"https:\/\/cervejeirosriopreto.com.br\/portal\/index.php\/wp-json\/wp\/v2\/media\/1752"}],"wp:attachment":[{"href":"https:\/\/cervejeirosriopreto.com.br\/portal\/index.php\/wp-json\/wp\/v2\/media?parent=1751"}],"wp:term":[{"taxonomy":"category","embeddable":true,"href":"https:\/\/cervejeirosriopreto.com.br\/portal\/index.php\/wp-json\/wp\/v2\/categories?post=1751"},{"taxonomy":"post_tag","embeddable":true,"href":"https:\/\/cervejeirosriopreto.com.br\/portal\/index.php\/wp-json\/wp\/v2\/tags?post=1751"}],"curies":[{"name":"wp","href":"https:\/\/api.w.org\/{rel}","templated":true}]}}