{"id":1523,"date":"2023-10-02T08:02:09","date_gmt":"2023-10-02T11:02:09","guid":{"rendered":"https:\/\/cervejeirosriopreto.com.br\/portal\/?p=1523"},"modified":"2023-11-29T15:58:57","modified_gmt":"2023-11-29T18:58:57","slug":"trajes-tipicos-da-oktoberfest-vista-se-para-a-diversao","status":"publish","type":"post","link":"https:\/\/cervejeirosriopreto.com.br\/portal\/index.php\/2023\/10\/02\/trajes-tipicos-da-oktoberfest-vista-se-para-a-diversao\/","title":{"rendered":"Trajes T\u00edpicos da Oktoberfest: Vista-se para a Divers\u00e3o!"},"content":{"rendered":"\n<p><em>Junte-se a n\u00f3s em 28 de outubro para a maior festa da cerveja e tradi\u00e7\u00e3o alem\u00e3!<\/em><\/p>\n\n\n\n<p>Preparem os canecos e polonaises porque a III Oktoberfest Rio Preto est\u00e1 quase chegando! Este ano, a nossa festa promete ser mais divertida do que nunca, com cervejas geladas, comidas deliciosas e, \u00e9 claro, trajes t\u00edpicos da Oktoberfest! Se voc\u00ea est\u00e1 se perguntando o que vestir, n\u00e3o se preocupe. Neste artigo, vamos te mostrar as roupas perfeitas para entrar no clima e celebrar conosco no dia 28 de outubro.<\/p>\n\n\n\n<p><strong>O Dirndl &#8211; Um Cl\u00e1ssico Irresist\u00edvel:<\/strong><br>Para as damas que querem se destacar na multid\u00e3o, o dirndl \u00e9 a escolha perfeita. Esse traje tradicional alem\u00e3o consiste em um vestido com saia rodada, blusa e avental. N\u00e3o se esque\u00e7a do la\u00e7o no decote! O dirndl \u00e9 a combina\u00e7\u00e3o perfeita de eleg\u00e2ncia e conforto, perfeito para dan\u00e7ar e aproveitar a festa. E claro, um par de botas de cano alto \u00e9 sempre bem-vindo para completar o visual.<\/p>\n\n\n\n<p><strong>Lederhosen &#8211; O Favorito dos Cavalheiros:<\/strong><br>Para os cavalheiros que querem mostrar seu esp\u00edrito aventureiro, as lederhosen s\u00e3o uma escolha cl\u00e1ssica. Essas cal\u00e7as curtas de couro, muitas vezes usadas com suspens\u00f3rios e uma camisa xadrez, s\u00e3o o traje ideal para quem quer se sentir como um aut\u00eantico alem\u00e3o. Combinado com meias de l\u00e3 e um chap\u00e9u de caub\u00f3i b\u00e1varo, voc\u00ea estar\u00e1 pronto para brindar e fazer brincadeiras o dia inteiro.<\/p>\n\n\n\n<p><strong>Trajes para Todos os Gostos:<\/strong><br>Claro, se voc\u00ea preferir algo mais casual, camisetas tem\u00e1ticas, camisas xadrez e saias tamb\u00e9m s\u00e3o muito bem-vindas. O importante \u00e9 entrar na festa e aproveitar a divers\u00e3o!<\/p>\n\n\n\n<p><strong>Comida e Bebida de Primeira:<\/strong><br>Al\u00e9m dos trajes t\u00edpicos, n\u00e3o se esque\u00e7a de saborear as del\u00edcias da Oktoberfest. Teremos cervejas artesanais de qualidade, pretzels macios e salsichas suculentas para todos os gostos. Nossa festa \u00e9 a oportunidade perfeita para experimentar a riqueza da culin\u00e1ria alem\u00e3.<\/p>\n\n\n\n<p>A III Oktoberfest Rio Preto \u00e9 uma das festas mais emocionantes do ano, e os trajes t\u00edpicos s\u00f3 aumentam a divers\u00e3o. Ent\u00e3o, vista seu dirndl ou lederhosen e junte-se a n\u00f3s no dia 28 de outubro para uma festa inesquec\u00edvel! Teremos m\u00fasica, dan\u00e7a, comida e cerveja, tudo em grande estilo alem\u00e3o. N\u00e3o perca esta oportunidade de celebrar a tradi\u00e7\u00e3o e a alegria da Oktoberfest conosco. Prost! \ud83c\udf7b\ud83e\udd68\ud83c\udf89<\/p>\n","protected":false},"excerpt":{"rendered":"<p>Junte-se a n\u00f3s em 28 de outubro para a maior festa da cerveja e tradi\u00e7\u00e3o alem\u00e3! Preparem os canecos e polonaises porque a III Oktoberfest Rio Preto est\u00e1 quase chegando! Este ano, a nossa festa promete ser mais divertida do que nunca, com cervejas geladas, comidas deliciosas e, \u00e9 claro, trajes t\u00edpicos da Oktoberfest! Se [&hellip;]<\/p>\n","protected":false},"author":2,"featured_media":1526,"comment_status":"open","ping_status":"closed","sticky":false,"template":"","format":"standard","meta":{"saved_in_kubio":false,"footnotes":""},"categories":[3],"tags":[51,183],"class_list":["post-1523","post","type-post","status-publish","format-standard","has-post-thumbnail","hentry","category-dicas","tag-oktoberfest","tag-trajes"],"_links":{"self":[{"href":"https:\/\/cervejeirosriopreto.com.br\/portal\/index.php\/wp-json\/wp\/v2\/posts\/1523","targetHints":{"allow":["GET"]}}],"collection":[{"href":"https:\/\/cervejeirosriopreto.com.br\/portal\/index.php\/wp-json\/wp\/v2\/posts"}],"about":[{"href":"https:\/\/cervejeirosriopreto.com.br\/portal\/index.php\/wp-json\/wp\/v2\/types\/post"}],"author":[{"embeddable":true,"href":"https:\/\/cervejeirosriopreto.com.br\/portal\/index.php\/wp-json\/wp\/v2\/users\/2"}],"replies":[{"embeddable":true,"href":"https:\/\/cervejeirosriopreto.com.br\/portal\/index.php\/wp-json\/wp\/v2\/comments?post=1523"}],"version-history":[{"count":3,"href":"https:\/\/cervejeirosriopreto.com.br\/portal\/index.php\/wp-json\/wp\/v2\/posts\/1523\/revisions"}],"predecessor-version":[{"id":1594,"href":"https:\/\/cervejeirosriopreto.com.br\/portal\/index.php\/wp-json\/wp\/v2\/posts\/1523\/revisions\/1594"}],"wp:featuredmedia":[{"embeddable":true,"href":"https:\/\/cervejeirosriopreto.com.br\/portal\/index.php\/wp-json\/wp\/v2\/media\/1526"}],"wp:attachment":[{"href":"https:\/\/cervejeirosriopreto.com.br\/portal\/index.php\/wp-json\/wp\/v2\/media?parent=1523"}],"wp:term":[{"taxonomy":"category","embeddable":true,"href":"https:\/\/cervejeirosriopreto.com.br\/portal\/index.php\/wp-json\/wp\/v2\/categories?post=1523"},{"taxonomy":"post_tag","embeddable":true,"href":"https:\/\/cervejeirosriopreto.com.br\/portal\/index.php\/wp-json\/wp\/v2\/tags?post=1523"}],"curies":[{"name":"wp","href":"https:\/\/api.w.org\/{rel}","templated":true}]}}